{"id":1524,"date":"2026-08-28T08:48:01","date_gmt":"2026-08-28T08:48:01","guid":{"rendered":"https:\/\/shahed.news\/fr\/?p=1524"},"modified":"2026-08-28T08:48:01","modified_gmt":"2026-08-28T08:48:01","slug":"une-voiture-fonce-dans-la-foule-en-france-deux-ressortissants-afghans-tues","status":"publish","type":"post","link":"https:\/\/shahed.news\/fr\/2026\/08\/28\/une-voiture-fonce-dans-la-foule-en-france-deux-ressortissants-afghans-tues\/","title":{"rendered":"Une voiture fonce dans la foule en France : deux ressortissants afghans tu\u00e9s"},"content":{"rendered":"<p>Les m\u00e9dias fran\u00e7ais ont rapport\u00e9 que deux ressortissants afghans ont \u00e9t\u00e9 tu\u00e9s et neuf autres personnes bless\u00e9es apr\u00e8s qu\u2019une voiture a fonc\u00e9 dans une foule en Normandie, dans le nord-ouest de la France.<\/p>\n<p>Selon Le Monde, la police a indiqu\u00e9 que l\u2019incident s\u2019est produit tard mercredi dans la zone portuaire de Caen, en Normandie, \u00e0 la suite d\u2019une altercation, et qu\u2019il ne pr\u00e9sentait pas de caract\u00e8re terroriste.<\/p>\n<p>La police a d\u00e9clar\u00e9 qu\u2019apr\u00e8s avoir \u00e9t\u00e9 agress\u00e9 par plusieurs personnes devant un bar dans la zone portuaire, le suspect est revenu avec son v\u00e9hicule, s\u2019est engag\u00e9 dans une voie de bus situ\u00e9e en face de la gare de Caen et a d\u00e9lib\u00e9r\u00e9ment fonc\u00e9 en direction des hommes et d\u2019autres personnes qui se trouvaient pr\u00e8s de la gare.<\/p>\n<p>Le parquet local a indiqu\u00e9 qu\u2019aucun mobile terroriste n\u2019avait \u00e9t\u00e9 identifi\u00e9, tout en pr\u00e9cisant que l\u2019enqu\u00eate sur cette affaire venait tout juste de d\u00e9buter.<\/p>\n<p>Selon les autorit\u00e9s fran\u00e7aises, le suspect s\u00e9journe l\u00e9galement en France, n\u2019a aucun lien connu avec les services de renseignement et n\u2019avait jusqu\u2019\u00e0 pr\u00e9sent aucun ant\u00e9c\u00e9dent judiciaire.<\/p>\n<p>La police a confirm\u00e9 que deux hommes afghans, \u00e2g\u00e9s de 35 et 28 ans, ont \u00e9t\u00e9 tu\u00e9s dans l\u2019incident. Les bless\u00e9s, \u00e2g\u00e9s de 17 \u00e0 35 ans, sont de diff\u00e9rentes nationalit\u00e9s, notamment fran\u00e7aise, \u00e9gyptienne et bangladaise.<\/p>\n","protected":false},"excerpt":{"rendered":"<p>Les m\u00e9dias fran\u00e7ais ont rapport\u00e9 que deux ressortissants afghans ont \u00e9t\u00e9 tu\u00e9s et neuf autres personnes bless\u00e9es apr\u00e8s qu\u2019une voiture a fonc\u00e9 dans une foule en Normandie, dans le nord-ouest de la France. Selon Le Monde, la police a indiqu\u00e9 que l\u2019incident s\u2019est produit tard mercredi dans la zone portuaire de Caen, en Normandie, \u00e0 [&hellip;]<\/p>\n","protected":false},"author":1,"featured_media":1525,"comment_status":"open","ping_status":"open","sticky":false,"template":"","format":"standard","meta":{"footnotes":""},"categories":[71],"tags":[],"class_list":["post-1524","post","type-post","status-publish","format-standard","has-post-thumbnail","hentry","category-actualites-mondiales"],"_links":{"self":[{"href":"https:\/\/shahed.news\/fr\/wp-json\/wp\/v2\/posts\/1524","targetHints":{"allow":["GET"]}}],"collection":[{"href":"https:\/\/shahed.news\/fr\/wp-json\/wp\/v2\/posts"}],"about":[{"href":"https:\/\/shahed.news\/fr\/wp-json\/wp\/v2\/types\/post"}],"author":[{"embeddable":true,"href":"https:\/\/shahed.news\/fr\/wp-json\/wp\/v2\/users\/1"}],"replies":[{"embeddable":true,"href":"https:\/\/shahed.news\/fr\/wp-json\/wp\/v2\/comments?post=1524"}],"version-history":[{"count":1,"href":"https:\/\/shahed.news\/fr\/wp-json\/wp\/v2\/posts\/1524\/revisions"}],"predecessor-version":[{"id":1526,"href":"https:\/\/shahed.news\/fr\/wp-json\/wp\/v2\/posts\/1524\/revisions\/1526"}],"wp:featuredmedia":[{"embeddable":true,"href":"https:\/\/shahed.news\/fr\/wp-json\/wp\/v2\/media\/1525"}],"wp:attachment":[{"href":"https:\/\/shahed.news\/fr\/wp-json\/wp\/v2\/media?parent=1524"}],"wp:term":[{"taxonomy":"category","embeddable":true,"href":"https:\/\/shahed.news\/fr\/wp-json\/wp\/v2\/categories?post=1524"},{"taxonomy":"post_tag","embeddable":true,"href":"https:\/\/shahed.news\/fr\/wp-json\/wp\/v2\/tags?post=1524"}],"curies":[{"name":"wp","href":"https:\/\/api.w.org\/{rel}","templated":true}]}}