{"id":1528,"date":"2026-08-30T07:51:12","date_gmt":"2026-08-30T07:51:12","guid":{"rendered":"https:\/\/shahed.news\/fr\/?p=1528"},"modified":"2026-08-30T07:51:12","modified_gmt":"2026-08-30T07:51:12","slug":"les-etats-unis-expulsent-12-migrants-afghans-vers-la-republique-centrafricaine","status":"publish","type":"post","link":"https:\/\/shahed.news\/fr\/2026\/08\/30\/les-etats-unis-expulsent-12-migrants-afghans-vers-la-republique-centrafricaine\/","title":{"rendered":"Les \u00c9tats-Unis expulsent 12 migrants afghans vers la R\u00e9publique centrafricaine"},"content":{"rendered":"<p>Les \u00c9tats-Unis ont expuls\u00e9 des dizaines de migrants, dont 12 ressortissants afghans, vers la R\u00e9publique centrafricaine.<\/p>\n<p>L\u2019agence de presse Associated Press a rapport\u00e9 que ces migrants ont atterri samedi 29 ao\u00fbt \u00e0 Bangui, la capitale de la R\u00e9publique centrafricaine.<\/p>\n<p>Sawy Aru, de l\u2019organisation \u00ab First Human Rights \u00bb, a d\u00e9clar\u00e9 que le vol d\u2019expulsion transportait 12 migrants afghans, huit Iraniens ainsi que plusieurs autres personnes originaires du N\u00e9pal et du Nicaragua.<\/p>\n<p>Selon le rapport, un jeune homme de 20 ans, dont les fr\u00e8res avaient travaill\u00e9 avec l\u2019arm\u00e9e am\u00e9ricaine sous l\u2019ancien gouvernement afghan, a \u00e9galement \u00e9t\u00e9 expuls\u00e9 vers la R\u00e9publique centrafricaine.<\/p>\n<p>Alma David, l\u2019avocate de ce jeune homme, a d\u00e9clar\u00e9 qu\u2019un juge am\u00e9ricain avait emp\u00each\u00e9 son expulsion vers l\u2019Afghanistan en raison des risques de pers\u00e9cution auxquels il pourrait \u00eatre confront\u00e9 de la part des talibans.<\/p>\n<p>Selon des documents judiciaires consult\u00e9s par Associated Press, la famille de ce jeune homme en Afghanistan avait \u00e9t\u00e9 menac\u00e9e par les talibans en raison du soutien que ses fr\u00e8res avaient apport\u00e9 \u00e0 l\u2019arm\u00e9e am\u00e9ricaine.<\/p>\n<p>Alma David a indiqu\u00e9 que l\u2019un des fr\u00e8res du jeune homme vit aux \u00c9tats-Unis et avait auparavant servi dans l\u2019Arm\u00e9e nationale afghane.<\/p>\n<p>Elle a ajout\u00e9 qu\u2019un autre de ses fr\u00e8res \u00e9tait un pilote form\u00e9 par les \u00c9tats-Unis et qu\u2019il a \u00e9t\u00e9 tu\u00e9 par les talibans.<\/p>\n<p>Pendant ce temps, les organisations de d\u00e9fense des droits des r\u00e9fugi\u00e9s et des demandeurs d\u2019asile, en particulier celles impliqu\u00e9es dans l\u2019\u00e9vacuation d\u2019anciens collaborateurs de l\u2019arm\u00e9e am\u00e9ricaine et d\u2019institutions am\u00e9ricaines hors d\u2019Afghanistan, tentent toujours de convaincre Washington de prot\u00e9ger les personnes qui ont risqu\u00e9 leur vie en raison de la mission am\u00e9ricaine en Afghanistan entre 2001 et 2021.<\/p>\n<p>Cependant, apr\u00e8s son retour \u00e0 la Maison-Blanche, le pr\u00e9sident am\u00e9ricain Donald Trump a interrompu le processus d\u2019\u00e9vacuation et a totalement interdit l\u2019entr\u00e9e sur le territoire am\u00e9ricain aux d\u00e9tenteurs de passeports afghans.<\/p>\n","protected":false},"excerpt":{"rendered":"<p>Les \u00c9tats-Unis ont expuls\u00e9 des dizaines de migrants, dont 12 ressortissants afghans, vers la R\u00e9publique centrafricaine. L\u2019agence de presse Associated Press a rapport\u00e9 que ces migrants ont atterri samedi 29 ao\u00fbt \u00e0 Bangui, la capitale de la R\u00e9publique centrafricaine. Sawy Aru, de l\u2019organisation \u00ab First Human Rights \u00bb, a d\u00e9clar\u00e9 que le vol d\u2019expulsion transportait [&hellip;]<\/p>\n","protected":false},"author":1,"featured_media":1529,"comment_status":"open","ping_status":"open","sticky":false,"template":"","format":"standard","meta":{"footnotes":""},"categories":[70],"tags":[],"class_list":["post-1528","post","type-post","status-publish","format-standard","has-post-thumbnail","hentry","category-afghanistan"],"_links":{"self":[{"href":"https:\/\/shahed.news\/fr\/wp-json\/wp\/v2\/posts\/1528","targetHints":{"allow":["GET"]}}],"collection":[{"href":"https:\/\/shahed.news\/fr\/wp-json\/wp\/v2\/posts"}],"about":[{"href":"https:\/\/shahed.news\/fr\/wp-json\/wp\/v2\/types\/post"}],"author":[{"embeddable":true,"href":"https:\/\/shahed.news\/fr\/wp-json\/wp\/v2\/users\/1"}],"replies":[{"embeddable":true,"href":"https:\/\/shahed.news\/fr\/wp-json\/wp\/v2\/comments?post=1528"}],"version-history":[{"count":1,"href":"https:\/\/shahed.news\/fr\/wp-json\/wp\/v2\/posts\/1528\/revisions"}],"predecessor-version":[{"id":1530,"href":"https:\/\/shahed.news\/fr\/wp-json\/wp\/v2\/posts\/1528\/revisions\/1530"}],"wp:featuredmedia":[{"embeddable":true,"href":"https:\/\/shahed.news\/fr\/wp-json\/wp\/v2\/media\/1529"}],"wp:attachment":[{"href":"https:\/\/shahed.news\/fr\/wp-json\/wp\/v2\/media?parent=1528"}],"wp:term":[{"taxonomy":"category","embeddable":true,"href":"https:\/\/shahed.news\/fr\/wp-json\/wp\/v2\/categories?post=1528"},{"taxonomy":"post_tag","embeddable":true,"href":"https:\/\/shahed.news\/fr\/wp-json\/wp\/v2\/tags?post=1528"}],"curies":[{"name":"wp","href":"https:\/\/api.w.org\/{rel}","templated":true}]}}